{"id":2843,"date":"2021-02-10T14:26:19","date_gmt":"2021-02-10T14:26:19","guid":{"rendered":"https:\/\/ojas.de\/?p=2843"},"modified":"2021-08-24T10:08:51","modified_gmt":"2021-08-24T10:08:51","slug":"energetische-raum-reinigung","status":"publish","type":"post","link":"https:\/\/ojas.de\/en\/energetische-raum-reinigung\/","title":{"rendered":"Energetische Raum Reinigung"},"content":{"rendered":"<div data-elementor-type=\"wp-post\" data-elementor-id=\"2843\" class=\"elementor elementor-2843\" data-elementor-post-type=\"post\">\n\t\t\t\t\t\t<section class=\"elementor-section elementor-top-section elementor-element elementor-element-43780a5 elementor-section-boxed elementor-section-height-default elementor-section-height-default\" data-id=\"43780a5\" data-element_type=\"section\">\n\t\t\t\t\t\t<div class=\"elementor-container elementor-column-gap-default\">\n\t\t\t\t\t<div class=\"elementor-column elementor-col-100 elementor-top-column elementor-element elementor-element-f1d9b44\" data-id=\"f1d9b44\" data-element_type=\"column\">\n\t\t\t<div class=\"elementor-widget-wrap elementor-element-populated\">\n\t\t\t\t\t\t<div class=\"elementor-element elementor-element-479a18d elementor-widget elementor-widget-image\" data-id=\"479a18d\" data-element_type=\"widget\" data-widget_type=\"image.default\">\n\t\t\t\t<div class=\"elementor-widget-container\">\n\t\t\t\t\t\t\t\t\t\t\t\t\t\t\t<img fetchpriority=\"high\" decoding=\"async\" width=\"800\" height=\"450\" src=\"https:\/\/ojas.de\/wp-content\/uploads\/Energetische-Raumreinigung-1024x576.jpg\" class=\"attachment-large size-large wp-image-4016\" alt=\"Energetische Reinigung von Materie\" srcset=\"https:\/\/ojas.de\/wp-content\/uploads\/Energetische-Raumreinigung-1024x576.jpg 1024w, https:\/\/ojas.de\/wp-content\/uploads\/Energetische-Raumreinigung-300x169.jpg 300w, https:\/\/ojas.de\/wp-content\/uploads\/Energetische-Raumreinigung-768x432.jpg 768w, https:\/\/ojas.de\/wp-content\/uploads\/Energetische-Raumreinigung-16x9.jpg 16w, https:\/\/ojas.de\/wp-content\/uploads\/Energetische-Raumreinigung.jpg 1280w\" sizes=\"(max-width: 800px) 100vw, 800px\" \/>\t\t\t\t\t\t\t\t\t\t\t\t\t\t\t<\/div>\n\t\t\t\t<\/div>\n\t\t\t\t\t<\/div>\n\t\t<\/div>\n\t\t\t\t\t<\/div>\n\t\t<\/section>\n\t\t\t\t<section class=\"elementor-section elementor-top-section elementor-element elementor-element-d8d3f41 elementor-section-boxed elementor-section-height-default elementor-section-height-default\" data-id=\"d8d3f41\" data-element_type=\"section\">\n\t\t\t\t\t\t<div class=\"elementor-container elementor-column-gap-default\">\n\t\t\t\t\t<div class=\"elementor-column elementor-col-100 elementor-top-column elementor-element elementor-element-4c818cf5\" data-id=\"4c818cf5\" data-element_type=\"column\">\n\t\t\t<div class=\"elementor-widget-wrap elementor-element-populated\">\n\t\t\t\t\t\t<div class=\"elementor-element elementor-element-e47f946 elementor-widget elementor-widget-heading\" data-id=\"e47f946\" data-element_type=\"widget\" data-widget_type=\"heading.default\">\n\t\t\t\t<div class=\"elementor-widget-container\">\n\t\t\t\t\t<h2 class=\"elementor-heading-title elementor-size-default\">Energetische Reinigung von Materie.<\/h2>\t\t\t\t<\/div>\n\t\t\t\t<\/div>\n\t\t\t\t<div class=\"elementor-element elementor-element-6da82615 elementor-widget elementor-widget-text-editor\" data-id=\"6da82615\" data-element_type=\"widget\" data-widget_type=\"text-editor.default\">\n\t\t\t\t<div class=\"elementor-widget-container\">\n\t\t\t\t\t\t\t\t\t<div class=\"elementor-element elementor-element-75192f2 elementor-widget elementor-widget-text-editor\" data-id=\"75192f2\" data-element_type=\"widget\" data-widget_type=\"text-editor.default\"><div class=\"elementor-widget-container\"><div class=\"elementor-text-editor elementor-clearfix\"><p>Alles was je gedacht, gef\u00fchlt und gemacht wurde ist in der Materie gespeichert (W\u00e4nden, M\u00f6bel\u2026)<br \/>Im Feng Shui oder dem indischen Vastu sagt man, da\u00df man die R\u00e4ume alle 3-4Jahre Energetisch reinigen sollte.Die klassische Methode ist mit Salz.<br \/>Hierbei stellt man in jeden Raum eine Schale mit Salz. (Trocken ohne Wasser)<\/p><p>1. Salz nach <strong>24 Stunden<\/strong> entsorgen und wieder auff\u00fcllen. (Wenn die Wohnung eine Vorgeschichte hat, z.B. Dorgens\u00fcchtiger, Selblstmord, Gewalt ..) w\u00fcrde ich den 1. Punkt 2-3 mal machen.)<\/p><p>2. Salz nach <strong>2 Wochen<\/strong> entsorgen und wieder auff\u00fcllen.<\/p><p>3. Salz nach <strong>2 Monaten<\/strong> entsorgen und wieder auff\u00fcllen.<\/p><p>4. Anschlie\u00dfend empfehle ich die Schalen wieder aufzuf\u00fcllen und dann alle 6-9 Monate wieder zu erneuern.<\/p><p>Salz hat die Eigenschaft negative Energie anzuziehen und aufzunehmen. (Salzlampen sind \u00f6fters mal kontaminiert)<\/p><\/div><\/div><\/div>\t\t\t\t\t\t\t\t<\/div>\n\t\t\t\t<\/div>\n\t\t\t\t<div class=\"elementor-element elementor-element-e9d8548 elementor-widget elementor-widget-image\" data-id=\"e9d8548\" data-element_type=\"widget\" data-widget_type=\"image.default\">\n\t\t\t\t<div class=\"elementor-widget-container\">\n\t\t\t\t\t\t\t\t\t\t\t\t\t\t\t<img decoding=\"async\" width=\"246\" height=\"300\" src=\"https:\/\/ojas.de\/wp-content\/uploads\/2020\/04\/Salzschale-246x300.jpg\" class=\"attachment-medium size-medium wp-image-1015\" alt=\"Energetische Reinigung von Materie\" srcset=\"https:\/\/ojas.de\/wp-content\/uploads\/2020\/04\/Salzschale-246x300.jpg 246w, https:\/\/ojas.de\/wp-content\/uploads\/2020\/04\/Salzschale.jpg 400w\" sizes=\"(max-width: 246px) 100vw, 246px\" \/>\t\t\t\t\t\t\t\t\t\t\t\t\t\t\t<\/div>\n\t\t\t\t<\/div>\n\t\t\t\t<div class=\"elementor-element elementor-element-9ce45c6 elementor-widget elementor-widget-text-editor\" data-id=\"9ce45c6\" data-element_type=\"widget\" data-widget_type=\"text-editor.default\">\n\t\t\t\t<div class=\"elementor-widget-container\">\n\t\t\t\t\t\t\t\t\t<p>Hierf\u00fcr empfehle ich Streusalz, das man im Winter auf die Stra\u00dfe streut. Denn dieses Salz ist am wenigsten belastet und ist dazu auch noch am g\u00fcnstigsten.<\/p>\t\t\t\t\t\t\t\t<\/div>\n\t\t\t\t<\/div>\n\t\t\t\t\t<\/div>\n\t\t<\/div>\n\t\t\t\t\t<\/div>\n\t\t<\/section>\n\t\t\t\t<section class=\"elementor-section elementor-top-section elementor-element elementor-element-4c56b41 elementor-section-boxed elementor-section-height-default elementor-section-height-default\" data-id=\"4c56b41\" data-element_type=\"section\">\n\t\t\t\t\t\t<div class=\"elementor-container elementor-column-gap-default\">\n\t\t\t\t\t<div class=\"elementor-column elementor-col-100 elementor-top-column elementor-element elementor-element-f2327cc\" data-id=\"f2327cc\" data-element_type=\"column\">\n\t\t\t<div class=\"elementor-widget-wrap elementor-element-populated\">\n\t\t\t\t\t\t<div class=\"elementor-element elementor-element-b39803b elementor-grid-3 elementor-grid-tablet-2 elementor-grid-mobile-1 elementor-posts--thumbnail-top elementor-posts--show-avatar elementor-card-shadow-yes elementor-posts__hover-gradient elementor-widget elementor-widget-posts\" data-id=\"b39803b\" data-element_type=\"widget\" data-settings=\"{&quot;pagination_type&quot;:&quot;numbers&quot;,&quot;cards_columns&quot;:&quot;3&quot;,&quot;cards_columns_tablet&quot;:&quot;2&quot;,&quot;cards_columns_mobile&quot;:&quot;1&quot;,&quot;cards_row_gap&quot;:{&quot;unit&quot;:&quot;px&quot;,&quot;size&quot;:35,&quot;sizes&quot;:[]},&quot;cards_row_gap_tablet&quot;:{&quot;unit&quot;:&quot;px&quot;,&quot;size&quot;:&quot;&quot;,&quot;sizes&quot;:[]},&quot;cards_row_gap_mobile&quot;:{&quot;unit&quot;:&quot;px&quot;,&quot;size&quot;:&quot;&quot;,&quot;sizes&quot;:[]}}\" data-widget_type=\"posts.cards\">\n\t\t\t\t<div class=\"elementor-widget-container\">\n\t\t\t\t\t\t\t<div class=\"elementor-posts-container elementor-posts elementor-posts--skin-cards elementor-grid\">\n\t\t\t\t<article class=\"elementor-post elementor-grid-item post-4985 post type-post status-publish format-standard has-post-thumbnail hentry category-lebensenergie tag-lebensenergie tag-ordnungskraft tag-subtile-bereiche tag-subtile-energie tag-subtiler-koerper tag-yin-und-yang\">\n\t\t\t<div class=\"elementor-post__card\">\n\t\t\t\t<a class=\"elementor-post__thumbnail__link\" href=\"https:\/\/ojas.de\/en\/subtile-energie\/\" tabindex=\"-1\" ><div class=\"elementor-post__thumbnail\"><img decoding=\"async\" width=\"300\" height=\"125\" src=\"https:\/\/ojas.de\/wp-content\/uploads\/subtile_energie_antasy-571956_1280-300x125.jpg\" class=\"attachment-medium size-medium wp-image-4822\" alt=\"Subtile Energie\" srcset=\"https:\/\/ojas.de\/wp-content\/uploads\/subtile_energie_antasy-571956_1280-300x125.jpg 300w, https:\/\/ojas.de\/wp-content\/uploads\/subtile_energie_antasy-571956_1280-1024x426.jpg 1024w, https:\/\/ojas.de\/wp-content\/uploads\/subtile_energie_antasy-571956_1280-768x320.jpg 768w, https:\/\/ojas.de\/wp-content\/uploads\/subtile_energie_antasy-571956_1280-1536x639.jpg 1536w, https:\/\/ojas.de\/wp-content\/uploads\/subtile_energie_antasy-571956_1280-18x7.jpg 18w, https:\/\/ojas.de\/wp-content\/uploads\/subtile_energie_antasy-571956_1280.jpg 1920w\" sizes=\"(max-width: 300px) 100vw, 300px\" \/><\/div><\/a>\n\t\t\t\t<div class=\"elementor-post__badge\">Lebensenergie<\/div>\n\t\t\t\t<div class=\"elementor-post__avatar\">\n\t\t\t<img alt='admin' src='https:\/\/secure.gravatar.com\/avatar\/8a80b428fa7932c35613e16b1f3ad760?s=128&#038;d=mm&#038;r=g' srcset='https:\/\/secure.gravatar.com\/avatar\/8a80b428fa7932c35613e16b1f3ad760?s=256&#038;d=mm&#038;r=g 2x' class='avatar avatar-128 photo' height='128' width='128' \/>\t\t<\/div>\n\t\t\t\t<div class=\"elementor-post__text\">\n\t\t\t\t<h3 class=\"elementor-post__title\">\n\t\t\t<a href=\"https:\/\/ojas.de\/en\/subtile-energie\/\" >\n\t\t\t\tSubtile Energie\t\t\t<\/a>\n\t\t<\/h3>\n\t\t\t\t<div class=\"elementor-post__excerpt\">\n\t\t\t<p>Subtile Energie Die klassischen wissenschaftlichen Studien der elektromagnetischen Felder begannen vor mehr als 160 Jahren als Maxwell zeigte, dass elektrische und magnetische Kr\u00e4fte zwei sich<\/p>\n\t\t<\/div>\n\t\t\n\t\t<a class=\"elementor-post__read-more\" href=\"https:\/\/ojas.de\/en\/subtile-energie\/\" aria-label=\"Read more about Subtile Energie\" tabindex=\"-1\" >\n\t\t\tWeiterlesen \u00bb\t\t<\/a>\n\n\t\t\t\t<\/div>\n\t\t\t\t<div class=\"elementor-post__meta-data\">\n\t\t\t\t\t<span class=\"elementor-post-date\">\n\t\t\tAugust 21, 2021\t\t<\/span>\n\t\t\t\t<span class=\"elementor-post-avatar\">\n\t\t\tNo Comments\t\t<\/span>\n\t\t\t\t<\/div>\n\t\t\t\t\t<\/div>\n\t\t<\/article>\n\t\t\t\t<article class=\"elementor-post elementor-grid-item post-3813 post type-post status-publish format-standard has-post-thumbnail hentry category-luftreinigung-ionisierung tag-bipolare-ionisierung tag-gesunde-luft tag-luft-iionisirung tag-reinigung-von-viren tag-saubere-luft\">\n\t\t\t<div class=\"elementor-post__card\">\n\t\t\t\t<a class=\"elementor-post__thumbnail__link\" href=\"https:\/\/ojas.de\/en\/bei-plasma-bipolare-luftionisierung-wurde-eine-reduziert-viren-zu-99-nachgewiesen\/\" tabindex=\"-1\" ><div class=\"elementor-post__thumbnail\"><img loading=\"lazy\" decoding=\"async\" width=\"300\" height=\"169\" src=\"https:\/\/ojas.de\/wp-content\/uploads\/Plasma-Bipolare-Ionisierung-300x169.jpg\" class=\"attachment-medium size-medium wp-image-3969\" alt=\"Bipolare Ionisierung\" srcset=\"https:\/\/ojas.de\/wp-content\/uploads\/Plasma-Bipolare-Ionisierung-300x169.jpg 300w, https:\/\/ojas.de\/wp-content\/uploads\/Plasma-Bipolare-Ionisierung-1024x576.jpg 1024w, https:\/\/ojas.de\/wp-content\/uploads\/Plasma-Bipolare-Ionisierung-768x432.jpg 768w, https:\/\/ojas.de\/wp-content\/uploads\/Plasma-Bipolare-Ionisierung-16x9.jpg 16w, https:\/\/ojas.de\/wp-content\/uploads\/Plasma-Bipolare-Ionisierung.jpg 1280w\" sizes=\"(max-width: 300px) 100vw, 300px\" \/><\/div><\/a>\n\t\t\t\t<div class=\"elementor-post__badge\">Luftreinigung Ionisierung<\/div>\n\t\t\t\t<div class=\"elementor-post__avatar\">\n\t\t\t<img alt='admin' src='https:\/\/secure.gravatar.com\/avatar\/8a80b428fa7932c35613e16b1f3ad760?s=128&#038;d=mm&#038;r=g' srcset='https:\/\/secure.gravatar.com\/avatar\/8a80b428fa7932c35613e16b1f3ad760?s=256&#038;d=mm&#038;r=g 2x' class='avatar avatar-128 photo' height='128' width='128' \/>\t\t<\/div>\n\t\t\t\t<div class=\"elementor-post__text\">\n\t\t\t\t<h3 class=\"elementor-post__title\">\n\t\t\t<a href=\"https:\/\/ojas.de\/en\/bei-plasma-bipolare-luftionisierung-wurde-eine-reduziert-viren-zu-99-nachgewiesen\/\" >\n\t\t\t\tBipolare-Luftionisierung\t\t\t<\/a>\n\t\t<\/h3>\n\t\t\t\t<div class=\"elementor-post__excerpt\">\n\t\t\t<p>Bipolare-Luftionisierung Bipolare-Luftionisierung reduziert bei unabh\u00e4ngigen spanischen Tests nachweislich Coronavirus-Surrogat-Bakteriophagen MS2 um 99 % Erfolgreiche zertifizierte Tests, die in einer Geb\u00e4udeanlage durchgef\u00fchrt wurden, belegen die viruszerst\u00f6rende<\/p>\n\t\t<\/div>\n\t\t\n\t\t<a class=\"elementor-post__read-more\" href=\"https:\/\/ojas.de\/en\/bei-plasma-bipolare-luftionisierung-wurde-eine-reduziert-viren-zu-99-nachgewiesen\/\" aria-label=\"Read more about Bipolare-Luftionisierung\" tabindex=\"-1\" >\n\t\t\tWeiterlesen \u00bb\t\t<\/a>\n\n\t\t\t\t<\/div>\n\t\t\t\t<div class=\"elementor-post__meta-data\">\n\t\t\t\t\t<span class=\"elementor-post-date\">\n\t\t\tJuly 8, 2021\t\t<\/span>\n\t\t\t\t<span class=\"elementor-post-avatar\">\n\t\t\tNo Comments\t\t<\/span>\n\t\t\t\t<\/div>\n\t\t\t\t\t<\/div>\n\t\t<\/article>\n\t\t\t\t<article class=\"elementor-post elementor-grid-item post-3235 post type-post status-publish format-standard has-post-thumbnail hentry category-ojas-belebung tag-belebtes-wasser-ist-lebensqualitaet tag-energetisches-wasser tag-gutes-wasser tag-wasserbelebung\">\n\t\t\t<div class=\"elementor-post__card\">\n\t\t\t\t<a class=\"elementor-post__thumbnail__link\" href=\"https:\/\/ojas.de\/en\/wasserbelebung-wie-man-wasser-beleben-kann-belebtes-wasser-ist-lebensqualitaet\/\" tabindex=\"-1\" ><div class=\"elementor-post__thumbnail\"><img loading=\"lazy\" decoding=\"async\" width=\"300\" height=\"169\" src=\"https:\/\/ojas.de\/wp-content\/uploads\/Wasserbelebung-300x169.jpg\" class=\"attachment-medium size-medium wp-image-3970\" alt=\"Belebtes Wasser\" srcset=\"https:\/\/ojas.de\/wp-content\/uploads\/Wasserbelebung-300x169.jpg 300w, https:\/\/ojas.de\/wp-content\/uploads\/Wasserbelebung-1024x576.jpg 1024w, https:\/\/ojas.de\/wp-content\/uploads\/Wasserbelebung-768x432.jpg 768w, https:\/\/ojas.de\/wp-content\/uploads\/Wasserbelebung-16x9.jpg 16w, https:\/\/ojas.de\/wp-content\/uploads\/Wasserbelebung.jpg 1280w\" sizes=\"(max-width: 300px) 100vw, 300px\" \/><\/div><\/a>\n\t\t\t\t<div class=\"elementor-post__badge\">Ojas energy<\/div>\n\t\t\t\t<div class=\"elementor-post__avatar\">\n\t\t\t<img alt='admin' src='https:\/\/secure.gravatar.com\/avatar\/8a80b428fa7932c35613e16b1f3ad760?s=128&#038;d=mm&#038;r=g' srcset='https:\/\/secure.gravatar.com\/avatar\/8a80b428fa7932c35613e16b1f3ad760?s=256&#038;d=mm&#038;r=g 2x' class='avatar avatar-128 photo' height='128' width='128' \/>\t\t<\/div>\n\t\t\t\t<div class=\"elementor-post__text\">\n\t\t\t\t<h3 class=\"elementor-post__title\">\n\t\t\t<a href=\"https:\/\/ojas.de\/en\/wasserbelebung-wie-man-wasser-beleben-kann-belebtes-wasser-ist-lebensqualitaet\/\" >\n\t\t\t\tWasserbelebung\t\t\t<\/a>\n\t\t<\/h3>\n\t\t\t\t<div class=\"elementor-post__excerpt\">\n\t\t\t<p>Die Ojas Wasserbelebung ist Teil der Ojas Haus &#8211; Raumsanierung. \u2028F\u00fcr eine optimale Wasserbelebung im Geb\u00e4ude sollten auch Elektrosmog, Erdstrahlung und die Struktur des Geb\u00e4udes<\/p>\n\t\t<\/div>\n\t\t\n\t\t<a class=\"elementor-post__read-more\" href=\"https:\/\/ojas.de\/en\/wasserbelebung-wie-man-wasser-beleben-kann-belebtes-wasser-ist-lebensqualitaet\/\" aria-label=\"Read more about Wasserbelebung\" tabindex=\"-1\" >\n\t\t\tWeiterlesen \u00bb\t\t<\/a>\n\n\t\t\t\t<\/div>\n\t\t\t\t<div class=\"elementor-post__meta-data\">\n\t\t\t\t\t<span class=\"elementor-post-date\">\n\t\t\tJuly 6, 2021\t\t<\/span>\n\t\t\t\t<span class=\"elementor-post-avatar\">\n\t\t\tNo Comments\t\t<\/span>\n\t\t\t\t<\/div>\n\t\t\t\t\t<\/div>\n\t\t<\/article>\n\t\t\t\t<article class=\"elementor-post elementor-grid-item post-3078 post type-post status-publish format-standard has-post-thumbnail hentry category-ojas-belebung-lebensenergie tag-begriffserklaerung tag-lebensenergie tag-ordnungskraft tag-subtile-bereiche tag-subtile-energie tag-subtiler-koerper tag-yin-und-yang\">\n\t\t\t<div class=\"elementor-post__card\">\n\t\t\t\t<a class=\"elementor-post__thumbnail__link\" href=\"https:\/\/ojas.de\/en\/lebensenergie-teil-1-begriffserklaerung-subtile-bereiche-subtiler-koerper-subtile-energie-ordnungskraft-yin-yang\/\" tabindex=\"-1\" ><div class=\"elementor-post__thumbnail\"><img loading=\"lazy\" decoding=\"async\" width=\"300\" height=\"169\" src=\"https:\/\/ojas.de\/wp-content\/uploads\/Lebensenergie-JinYang-1-300x169.jpg\" class=\"attachment-medium size-medium wp-image-3991\" alt=\"JIN &amp; YANG\" srcset=\"https:\/\/ojas.de\/wp-content\/uploads\/Lebensenergie-JinYang-1-300x169.jpg 300w, https:\/\/ojas.de\/wp-content\/uploads\/Lebensenergie-JinYang-1-1024x576.jpg 1024w, https:\/\/ojas.de\/wp-content\/uploads\/Lebensenergie-JinYang-1-768x432.jpg 768w, https:\/\/ojas.de\/wp-content\/uploads\/Lebensenergie-JinYang-1-16x9.jpg 16w, https:\/\/ojas.de\/wp-content\/uploads\/Lebensenergie-JinYang-1.jpg 1280w\" sizes=\"(max-width: 300px) 100vw, 300px\" \/><\/div><\/a>\n\t\t\t\t<div class=\"elementor-post__badge\">Ojas-Belebung, Lebensenergie<\/div>\n\t\t\t\t<div class=\"elementor-post__avatar\">\n\t\t\t<img alt='admin' src='https:\/\/secure.gravatar.com\/avatar\/8a80b428fa7932c35613e16b1f3ad760?s=128&#038;d=mm&#038;r=g' srcset='https:\/\/secure.gravatar.com\/avatar\/8a80b428fa7932c35613e16b1f3ad760?s=256&#038;d=mm&#038;r=g 2x' class='avatar avatar-128 photo' height='128' width='128' \/>\t\t<\/div>\n\t\t\t\t<div class=\"elementor-post__text\">\n\t\t\t\t<h3 class=\"elementor-post__title\">\n\t\t\t<a href=\"https:\/\/ojas.de\/en\/lebensenergie-teil-1-begriffserklaerung-subtile-bereiche-subtiler-koerper-subtile-energie-ordnungskraft-yin-yang\/\" >\n\t\t\t\tLebensenergie Teil 1, Begriffserkl\u00e4rung\t\t\t<\/a>\n\t\t<\/h3>\n\t\t\t\t<div class=\"elementor-post__excerpt\">\n\t\t\t<p>Teil 11. Begriffserkl\u00e4rung2. Warum die Lebensenergie (LE) so extrem wichtig f\u00fcr uns ist. Bei der Lebensenergie LE geht es um \u2022YIN &amp; YANG\u2022subtile Bereiche\/K\u00f6rper\u2022subtile Energie\u2022OrdnungskraftEs<\/p>\n\t\t<\/div>\n\t\t\n\t\t<a class=\"elementor-post__read-more\" href=\"https:\/\/ojas.de\/en\/lebensenergie-teil-1-begriffserklaerung-subtile-bereiche-subtiler-koerper-subtile-energie-ordnungskraft-yin-yang\/\" aria-label=\"Read more about Lebensenergie Teil 1, Begriffserkl\u00e4rung\" tabindex=\"-1\" >\n\t\t\tWeiterlesen \u00bb\t\t<\/a>\n\n\t\t\t\t<\/div>\n\t\t\t\t<div class=\"elementor-post__meta-data\">\n\t\t\t\t\t<span class=\"elementor-post-date\">\n\t\t\tMarch 26, 2021\t\t<\/span>\n\t\t\t\t<span class=\"elementor-post-avatar\">\n\t\t\tNo Comments\t\t<\/span>\n\t\t\t\t<\/div>\n\t\t\t\t\t<\/div>\n\t\t<\/article>\n\t\t\t\t<article class=\"elementor-post elementor-grid-item post-3024 post type-post status-publish format-standard has-post-thumbnail hentry category-ojas-belebung-lebensenergie tag-beleben tag-funktion tag-lebensenergie\">\n\t\t\t<div class=\"elementor-post__card\">\n\t\t\t\t<a class=\"elementor-post__thumbnail__link\" href=\"https:\/\/ojas.de\/en\/wie-funktioniert-die-ojas-belebung\/\" tabindex=\"-1\" ><div class=\"elementor-post__thumbnail\"><img loading=\"lazy\" decoding=\"async\" width=\"300\" height=\"200\" src=\"https:\/\/ojas.de\/wp-content\/uploads\/2020\/04\/Wasserfall_1-300x200.jpg\" class=\"attachment-medium size-medium wp-image-255\" alt=\"\" srcset=\"https:\/\/ojas.de\/wp-content\/uploads\/2020\/04\/Wasserfall_1-300x200.jpg 300w, https:\/\/ojas.de\/wp-content\/uploads\/2020\/04\/Wasserfall_1-1024x684.jpg 1024w, https:\/\/ojas.de\/wp-content\/uploads\/2020\/04\/Wasserfall_1-768x513.jpg 768w, https:\/\/ojas.de\/wp-content\/uploads\/2020\/04\/Wasserfall_1.jpg 1200w\" sizes=\"(max-width: 300px) 100vw, 300px\" \/><\/div><\/a>\n\t\t\t\t<div class=\"elementor-post__badge\">Ojas-Belebung, Lebensenergie<\/div>\n\t\t\t\t<div class=\"elementor-post__avatar\">\n\t\t\t<img alt='admin' src='https:\/\/secure.gravatar.com\/avatar\/8a80b428fa7932c35613e16b1f3ad760?s=128&#038;d=mm&#038;r=g' srcset='https:\/\/secure.gravatar.com\/avatar\/8a80b428fa7932c35613e16b1f3ad760?s=256&#038;d=mm&#038;r=g 2x' class='avatar avatar-128 photo' height='128' width='128' \/>\t\t<\/div>\n\t\t\t\t<div class=\"elementor-post__text\">\n\t\t\t\t<h3 class=\"elementor-post__title\">\n\t\t\t<a href=\"https:\/\/ojas.de\/en\/wie-funktioniert-die-ojas-belebung\/\" >\n\t\t\t\tWie funktioniert die Ojas Belebung\t\t\t<\/a>\n\t\t<\/h3>\n\t\t\t\t<div class=\"elementor-post__excerpt\">\n\t\t\t<p>Wie funktioniert die Ojas.Belebung? Dies l\u00e4sst sich am einfachsten am Beispiel von einem Glas mit hei\u00dfem Wasser erkl\u00e4ren. Heise Wasser Zeit X Zimmertemperatur Was ist<\/p>\n\t\t<\/div>\n\t\t\n\t\t<a class=\"elementor-post__read-more\" href=\"https:\/\/ojas.de\/en\/wie-funktioniert-die-ojas-belebung\/\" aria-label=\"Read more about Wie funktioniert die Ojas Belebung\" tabindex=\"-1\" >\n\t\t\tWeiterlesen \u00bb\t\t<\/a>\n\n\t\t\t\t<\/div>\n\t\t\t\t<div class=\"elementor-post__meta-data\">\n\t\t\t\t\t<span class=\"elementor-post-date\">\n\t\t\tMarch 11, 2021\t\t<\/span>\n\t\t\t\t<span class=\"elementor-post-avatar\">\n\t\t\tNo Comments\t\t<\/span>\n\t\t\t\t<\/div>\n\t\t\t\t\t<\/div>\n\t\t<\/article>\n\t\t\t\t<article class=\"elementor-post elementor-grid-item post-2888 post type-post status-publish format-standard has-post-thumbnail hentry category-elektrosmog tag-elektrosmog tag-lebtop tag-smartphone tag-tablet\">\n\t\t\t<div class=\"elementor-post__card\">\n\t\t\t\t<a class=\"elementor-post__thumbnail__link\" href=\"https:\/\/ojas.de\/en\/warum-man-mit-dem-laptop-nicht-arbeiten-sollte-wenn-der-akku-geladen-wird\/\" tabindex=\"-1\" ><div class=\"elementor-post__thumbnail\"><img loading=\"lazy\" decoding=\"async\" width=\"300\" height=\"162\" src=\"https:\/\/ojas.de\/wp-content\/uploads\/Akku-laden-300x162.jpg\" class=\"attachment-medium size-medium wp-image-2866\" alt=\"im Ladezustand\" srcset=\"https:\/\/ojas.de\/wp-content\/uploads\/Akku-laden-300x162.jpg 300w, https:\/\/ojas.de\/wp-content\/uploads\/Akku-laden-768x415.jpg 768w, https:\/\/ojas.de\/wp-content\/uploads\/Akku-laden-16x9.jpg 16w, https:\/\/ojas.de\/wp-content\/uploads\/Akku-laden.jpg 925w\" sizes=\"(max-width: 300px) 100vw, 300px\" \/><\/div><\/a>\n\t\t\t\t<div class=\"elementor-post__badge\">Electric Smog<\/div>\n\t\t\t\t<div class=\"elementor-post__avatar\">\n\t\t\t<img alt='admin' src='https:\/\/secure.gravatar.com\/avatar\/8a80b428fa7932c35613e16b1f3ad760?s=128&#038;d=mm&#038;r=g' srcset='https:\/\/secure.gravatar.com\/avatar\/8a80b428fa7932c35613e16b1f3ad760?s=256&#038;d=mm&#038;r=g 2x' class='avatar avatar-128 photo' height='128' width='128' \/>\t\t<\/div>\n\t\t\t\t<div class=\"elementor-post__text\">\n\t\t\t\t<h3 class=\"elementor-post__title\">\n\t\t\t<a href=\"https:\/\/ojas.de\/en\/warum-man-mit-dem-laptop-nicht-arbeiten-sollte-wenn-der-akku-geladen-wird\/\" >\n\t\t\t\tWarum man mit dem Laptop nicht arbeiten sollte, wenn der Akku geladen wird.\t\t\t<\/a>\n\t\t<\/h3>\n\t\t\t\t<div class=\"elementor-post__excerpt\">\n\t\t\t<p>Warum man mit dem Laptop nicht arbeiten sollte, wenn der Akku geladen wird. Was Sie in diesem Video sen, gilt nat\u00fcrlich auch f\u00fcr Tablet oder<\/p>\n\t\t<\/div>\n\t\t\n\t\t<a class=\"elementor-post__read-more\" href=\"https:\/\/ojas.de\/en\/warum-man-mit-dem-laptop-nicht-arbeiten-sollte-wenn-der-akku-geladen-wird\/\" aria-label=\"Read more about Warum man mit dem Laptop nicht arbeiten sollte, wenn der Akku geladen wird.\" tabindex=\"-1\" >\n\t\t\tWeiterlesen \u00bb\t\t<\/a>\n\n\t\t\t\t<\/div>\n\t\t\t\t<div class=\"elementor-post__meta-data\">\n\t\t\t\t\t<span class=\"elementor-post-date\">\n\t\t\tFebruary 10, 2021\t\t<\/span>\n\t\t\t\t<span class=\"elementor-post-avatar\">\n\t\t\tNo Comments\t\t<\/span>\n\t\t\t\t<\/div>\n\t\t\t\t\t<\/div>\n\t\t<\/article>\n\t\t\t\t<\/div>\n\t\t\n\t\t\t\t<div class=\"e-load-more-anchor\" data-page=\"1\" data-max-page=\"2\" data-next-page=\"https:\/\/ojas.de\/en\/wp-json\/wp\/v2\/posts\/2843\/page\/2\/\"><\/div>\n\t\t\t\t<nav class=\"elementor-pagination\" aria-label=\"Pagination\">\n\t\t\t<span aria-current=\"page\" class=\"page-numbers current\"><span class=\"elementor-screen-only\">Page<\/span>1<\/span>\n<a class=\"page-numbers\" href=\"https:\/\/ojas.de\/en\/wp-json\/wp\/v2\/posts\/2843\/page\/2\/\"><span class=\"elementor-screen-only\">Page<\/span>2<\/a>\t\t<\/nav>\n\t\t\t\t\t\t<\/div>\n\t\t\t\t<\/div>\n\t\t\t\t\t<\/div>\n\t\t<\/div>\n\t\t\t\t\t<\/div>\n\t\t<\/section>\n\t\t\t\t<\/div>","protected":false},"excerpt":{"rendered":"<p>Energetische Reinigung von Materie. Alles was je gedacht, gef\u00fchlt und gemacht wurde ist in der Materie gespeichert (W\u00e4nden, M\u00f6bel\u2026)Im Feng Shui oder dem indischen Vastu sagt man, da\u00df man die R\u00e4ume alle 3-4Jahre Energetisch reinigen sollte.Die klassische Methode ist mit Salz.Hierbei stellt man in jeden Raum eine Schale mit Salz. (Trocken ohne Wasser) 1. Salz [&hellip;]<\/p>\n","protected":false},"author":1,"featured_media":4016,"comment_status":"closed","ping_status":"closed","sticky":false,"template":"","format":"standard","meta":{"footnotes":""},"categories":[18],"tags":[22,23],"yoast_head":"<!-- This site is optimized with the Yoast SEO plugin v24.5 - https:\/\/yoast.com\/wordpress\/plugins\/seo\/ -->\n<title>Energetische Raum Reinigung<\/title>\n<meta name=\"description\" content=\"Mann sollte alle 2 bis 3 Jahre seine R\u00e4ume energetischi Reinigen. Alles was gedacht, gef\u00fchlt, gemacht wir Speichert sich in der Materie.\" \/>\n<meta name=\"robots\" content=\"index, follow, max-snippet:-1, max-image-preview:large, max-video-preview:-1\" \/>\n<link rel=\"canonical\" href=\"https:\/\/ojas.de\/en\/energetische-raum-reinigung\/\" \/>\n<meta property=\"og:locale\" content=\"en_GB\" \/>\n<meta property=\"og:type\" content=\"article\" \/>\n<meta property=\"og:title\" content=\"Energetische Raum Reinigung\" \/>\n<meta property=\"og:description\" content=\"Mann sollte alle 2 bis 3 Jahre seine R\u00e4ume energetischi Reinigen. Alles was gedacht, gef\u00fchlt, gemacht wir Speichert sich in der Materie.\" \/>\n<meta property=\"og:url\" content=\"https:\/\/ojas.de\/en\/energetische-raum-reinigung\/\" \/>\n<meta property=\"og:site_name\" content=\"Ojas Energie f\u00fcs Leben\" \/>\n<meta property=\"article:published_time\" content=\"2021-02-10T14:26:19+00:00\" \/>\n<meta property=\"article:modified_time\" content=\"2021-08-24T10:08:51+00:00\" \/>\n<meta property=\"og:image\" content=\"https:\/\/ojas.de\/wp-content\/uploads\/Energetische-Raumreinigung.jpg\" \/>\n\t<meta property=\"og:image:width\" content=\"1280\" \/>\n\t<meta property=\"og:image:height\" content=\"720\" \/>\n\t<meta property=\"og:image:type\" content=\"image\/jpeg\" \/>\n<meta name=\"author\" content=\"admin\" \/>\n<meta name=\"twitter:card\" content=\"summary_large_image\" \/>\n<meta name=\"twitter:label1\" content=\"Written by\" \/>\n\t<meta name=\"twitter:data1\" content=\"admin\" \/>\n\t<meta name=\"twitter:label2\" content=\"Estimated reading time\" \/>\n\t<meta name=\"twitter:data2\" content=\"6 minutes\" \/>\n<script type=\"application\/ld+json\" class=\"yoast-schema-graph\">{\"@context\":\"https:\/\/schema.org\",\"@graph\":[{\"@type\":\"Article\",\"@id\":\"https:\/\/ojas.de\/en\/energetische-raum-reinigung\/#article\",\"isPartOf\":{\"@id\":\"https:\/\/ojas.de\/en\/energetische-raum-reinigung\/\"},\"author\":{\"name\":\"admin\",\"@id\":\"https:\/\/ojas.de\/#\/schema\/person\/20f139e07b3387170061e9c7c23a74ab\"},\"headline\":\"Energetische Raum Reinigung\",\"datePublished\":\"2021-02-10T14:26:19+00:00\",\"dateModified\":\"2021-08-24T10:08:51+00:00\",\"mainEntityOfPage\":{\"@id\":\"https:\/\/ojas.de\/en\/energetische-raum-reinigung\/\"},\"wordCount\":168,\"publisher\":{\"@id\":\"https:\/\/ojas.de\/#organization\"},\"image\":{\"@id\":\"https:\/\/ojas.de\/en\/energetische-raum-reinigung\/#primaryimage\"},\"thumbnailUrl\":\"https:\/\/ojas.de\/wp-content\/uploads\/Energetische-Raumreinigung.jpg\",\"keywords\":[\"Energetische Reinigung\",\"Materie reinigen\"],\"articleSection\":[\"Tipps\"],\"inLanguage\":\"en-GB\"},{\"@type\":\"WebPage\",\"@id\":\"https:\/\/ojas.de\/en\/energetische-raum-reinigung\/\",\"url\":\"https:\/\/ojas.de\/en\/energetische-raum-reinigung\/\",\"name\":\"Energetische Raum Reinigung\",\"isPartOf\":{\"@id\":\"https:\/\/ojas.de\/#website\"},\"primaryImageOfPage\":{\"@id\":\"https:\/\/ojas.de\/en\/energetische-raum-reinigung\/#primaryimage\"},\"image\":{\"@id\":\"https:\/\/ojas.de\/en\/energetische-raum-reinigung\/#primaryimage\"},\"thumbnailUrl\":\"https:\/\/ojas.de\/wp-content\/uploads\/Energetische-Raumreinigung.jpg\",\"datePublished\":\"2021-02-10T14:26:19+00:00\",\"dateModified\":\"2021-08-24T10:08:51+00:00\",\"description\":\"Mann sollte alle 2 bis 3 Jahre seine R\u00e4ume energetischi Reinigen. Alles was gedacht, gef\u00fchlt, gemacht wir Speichert sich in der Materie.\",\"breadcrumb\":{\"@id\":\"https:\/\/ojas.de\/en\/energetische-raum-reinigung\/#breadcrumb\"},\"inLanguage\":\"en-GB\",\"potentialAction\":[{\"@type\":\"ReadAction\",\"target\":[\"https:\/\/ojas.de\/en\/energetische-raum-reinigung\/\"]}]},{\"@type\":\"ImageObject\",\"inLanguage\":\"en-GB\",\"@id\":\"https:\/\/ojas.de\/en\/energetische-raum-reinigung\/#primaryimage\",\"url\":\"https:\/\/ojas.de\/wp-content\/uploads\/Energetische-Raumreinigung.jpg\",\"contentUrl\":\"https:\/\/ojas.de\/wp-content\/uploads\/Energetische-Raumreinigung.jpg\",\"width\":1280,\"height\":720,\"caption\":\"Energetische-Reinigung\"},{\"@type\":\"BreadcrumbList\",\"@id\":\"https:\/\/ojas.de\/en\/energetische-raum-reinigung\/#breadcrumb\",\"itemListElement\":[{\"@type\":\"ListItem\",\"position\":1,\"name\":\"Home\",\"item\":\"https:\/\/ojas.de\/\"},{\"@type\":\"ListItem\",\"position\":2,\"name\":\"Energetische Raum Reinigung\"}]},{\"@type\":\"WebSite\",\"@id\":\"https:\/\/ojas.de\/#website\",\"url\":\"https:\/\/ojas.de\/\",\"name\":\"Ojas Energie f\u00fcs Leben\",\"description\":\"Luftreinigung, Bipolare ionisierte, saubere und gesunde Luft, reinigen von Elektrosmog, Groundig, energetische Belebung des Wohnraumes.\",\"publisher\":{\"@id\":\"https:\/\/ojas.de\/#organization\"},\"potentialAction\":[{\"@type\":\"SearchAction\",\"target\":{\"@type\":\"EntryPoint\",\"urlTemplate\":\"https:\/\/ojas.de\/?s={search_term_string}\"},\"query-input\":{\"@type\":\"PropertyValueSpecification\",\"valueRequired\":true,\"valueName\":\"search_term_string\"}}],\"inLanguage\":\"en-GB\"},{\"@type\":\"Organization\",\"@id\":\"https:\/\/ojas.de\/#organization\",\"name\":\"Ojas\",\"url\":\"https:\/\/ojas.de\/\",\"logo\":{\"@type\":\"ImageObject\",\"inLanguage\":\"en-GB\",\"@id\":\"https:\/\/ojas.de\/#\/schema\/logo\/image\/\",\"url\":\"https:\/\/ojas.de\/wp-content\/uploads\/2020\/04\/Ojas-logo_2.png\",\"contentUrl\":\"https:\/\/ojas.de\/wp-content\/uploads\/2020\/04\/Ojas-logo_2.png\",\"width\":375,\"height\":227,\"caption\":\"Ojas\"},\"image\":{\"@id\":\"https:\/\/ojas.de\/#\/schema\/logo\/image\/\"},\"sameAs\":[\"https:\/\/www.youtube.com\/watch?time_continue=2&amp;amp;amp;amp;v=UayAo5Fb_l0&amp;amp;amp;amp;feature=emb_logo\"]},{\"@type\":\"Person\",\"@id\":\"https:\/\/ojas.de\/#\/schema\/person\/20f139e07b3387170061e9c7c23a74ab\",\"name\":\"admin\",\"image\":{\"@type\":\"ImageObject\",\"inLanguage\":\"en-GB\",\"@id\":\"https:\/\/ojas.de\/#\/schema\/person\/image\/\",\"url\":\"https:\/\/secure.gravatar.com\/avatar\/8a80b428fa7932c35613e16b1f3ad760?s=96&d=mm&r=g\",\"contentUrl\":\"https:\/\/secure.gravatar.com\/avatar\/8a80b428fa7932c35613e16b1f3ad760?s=96&d=mm&r=g\",\"caption\":\"admin\"},\"sameAs\":[\"https:\/\/ojas.de\"]}]}<\/script>\n<!-- \/ Yoast SEO plugin. -->","yoast_head_json":{"title":"Energetische Raum Reinigung","description":"Mann sollte alle 2 bis 3 Jahre seine R\u00e4ume energetischi Reinigen. Alles was gedacht, gef\u00fchlt, gemacht wir Speichert sich in der Materie.","robots":{"index":"index","follow":"follow","max-snippet":"max-snippet:-1","max-image-preview":"max-image-preview:large","max-video-preview":"max-video-preview:-1"},"canonical":"https:\/\/ojas.de\/en\/energetische-raum-reinigung\/","og_locale":"en_GB","og_type":"article","og_title":"Energetische Raum Reinigung","og_description":"Mann sollte alle 2 bis 3 Jahre seine R\u00e4ume energetischi Reinigen. Alles was gedacht, gef\u00fchlt, gemacht wir Speichert sich in der Materie.","og_url":"https:\/\/ojas.de\/en\/energetische-raum-reinigung\/","og_site_name":"Ojas Energie f\u00fcs Leben","article_published_time":"2021-02-10T14:26:19+00:00","article_modified_time":"2021-08-24T10:08:51+00:00","og_image":[{"width":1280,"height":720,"url":"https:\/\/ojas.de\/wp-content\/uploads\/Energetische-Raumreinigung.jpg","type":"image\/jpeg"}],"author":"admin","twitter_card":"summary_large_image","twitter_misc":{"Written by":"admin","Estimated reading time":"6 minutes"},"schema":{"@context":"https:\/\/schema.org","@graph":[{"@type":"Article","@id":"https:\/\/ojas.de\/en\/energetische-raum-reinigung\/#article","isPartOf":{"@id":"https:\/\/ojas.de\/en\/energetische-raum-reinigung\/"},"author":{"name":"admin","@id":"https:\/\/ojas.de\/#\/schema\/person\/20f139e07b3387170061e9c7c23a74ab"},"headline":"Energetische Raum Reinigung","datePublished":"2021-02-10T14:26:19+00:00","dateModified":"2021-08-24T10:08:51+00:00","mainEntityOfPage":{"@id":"https:\/\/ojas.de\/en\/energetische-raum-reinigung\/"},"wordCount":168,"publisher":{"@id":"https:\/\/ojas.de\/#organization"},"image":{"@id":"https:\/\/ojas.de\/en\/energetische-raum-reinigung\/#primaryimage"},"thumbnailUrl":"https:\/\/ojas.de\/wp-content\/uploads\/Energetische-Raumreinigung.jpg","keywords":["Energetische Reinigung","Materie reinigen"],"articleSection":["Tipps"],"inLanguage":"en-GB"},{"@type":"WebPage","@id":"https:\/\/ojas.de\/en\/energetische-raum-reinigung\/","url":"https:\/\/ojas.de\/en\/energetische-raum-reinigung\/","name":"Energetische Raum Reinigung","isPartOf":{"@id":"https:\/\/ojas.de\/#website"},"primaryImageOfPage":{"@id":"https:\/\/ojas.de\/en\/energetische-raum-reinigung\/#primaryimage"},"image":{"@id":"https:\/\/ojas.de\/en\/energetische-raum-reinigung\/#primaryimage"},"thumbnailUrl":"https:\/\/ojas.de\/wp-content\/uploads\/Energetische-Raumreinigung.jpg","datePublished":"2021-02-10T14:26:19+00:00","dateModified":"2021-08-24T10:08:51+00:00","description":"Mann sollte alle 2 bis 3 Jahre seine R\u00e4ume energetischi Reinigen. Alles was gedacht, gef\u00fchlt, gemacht wir Speichert sich in der Materie.","breadcrumb":{"@id":"https:\/\/ojas.de\/en\/energetische-raum-reinigung\/#breadcrumb"},"inLanguage":"en-GB","potentialAction":[{"@type":"ReadAction","target":["https:\/\/ojas.de\/en\/energetische-raum-reinigung\/"]}]},{"@type":"ImageObject","inLanguage":"en-GB","@id":"https:\/\/ojas.de\/en\/energetische-raum-reinigung\/#primaryimage","url":"https:\/\/ojas.de\/wp-content\/uploads\/Energetische-Raumreinigung.jpg","contentUrl":"https:\/\/ojas.de\/wp-content\/uploads\/Energetische-Raumreinigung.jpg","width":1280,"height":720,"caption":"Energetische-Reinigung"},{"@type":"BreadcrumbList","@id":"https:\/\/ojas.de\/en\/energetische-raum-reinigung\/#breadcrumb","itemListElement":[{"@type":"ListItem","position":1,"name":"Home","item":"https:\/\/ojas.de\/"},{"@type":"ListItem","position":2,"name":"Energetische Raum Reinigung"}]},{"@type":"WebSite","@id":"https:\/\/ojas.de\/#website","url":"https:\/\/ojas.de\/","name":"Ojas Energie f\u00fcs Leben","description":"Luftreinigung, Bipolare ionisierte, saubere und gesunde Luft, reinigen von Elektrosmog, Groundig, energetische Belebung des Wohnraumes.","publisher":{"@id":"https:\/\/ojas.de\/#organization"},"potentialAction":[{"@type":"SearchAction","target":{"@type":"EntryPoint","urlTemplate":"https:\/\/ojas.de\/?s={search_term_string}"},"query-input":{"@type":"PropertyValueSpecification","valueRequired":true,"valueName":"search_term_string"}}],"inLanguage":"en-GB"},{"@type":"Organization","@id":"https:\/\/ojas.de\/#organization","name":"Ojas","url":"https:\/\/ojas.de\/","logo":{"@type":"ImageObject","inLanguage":"en-GB","@id":"https:\/\/ojas.de\/#\/schema\/logo\/image\/","url":"https:\/\/ojas.de\/wp-content\/uploads\/2020\/04\/Ojas-logo_2.png","contentUrl":"https:\/\/ojas.de\/wp-content\/uploads\/2020\/04\/Ojas-logo_2.png","width":375,"height":227,"caption":"Ojas"},"image":{"@id":"https:\/\/ojas.de\/#\/schema\/logo\/image\/"},"sameAs":["https:\/\/www.youtube.com\/watch?time_continue=2&amp;amp;amp;amp;v=UayAo5Fb_l0&amp;amp;amp;amp;feature=emb_logo"]},{"@type":"Person","@id":"https:\/\/ojas.de\/#\/schema\/person\/20f139e07b3387170061e9c7c23a74ab","name":"admin","image":{"@type":"ImageObject","inLanguage":"en-GB","@id":"https:\/\/ojas.de\/#\/schema\/person\/image\/","url":"https:\/\/secure.gravatar.com\/avatar\/8a80b428fa7932c35613e16b1f3ad760?s=96&d=mm&r=g","contentUrl":"https:\/\/secure.gravatar.com\/avatar\/8a80b428fa7932c35613e16b1f3ad760?s=96&d=mm&r=g","caption":"admin"},"sameAs":["https:\/\/ojas.de"]}]}},"_links":{"self":[{"href":"https:\/\/ojas.de\/en\/wp-json\/wp\/v2\/posts\/2843"}],"collection":[{"href":"https:\/\/ojas.de\/en\/wp-json\/wp\/v2\/posts"}],"about":[{"href":"https:\/\/ojas.de\/en\/wp-json\/wp\/v2\/types\/post"}],"author":[{"embeddable":true,"href":"https:\/\/ojas.de\/en\/wp-json\/wp\/v2\/users\/1"}],"replies":[{"embeddable":true,"href":"https:\/\/ojas.de\/en\/wp-json\/wp\/v2\/comments?post=2843"}],"version-history":[{"count":23,"href":"https:\/\/ojas.de\/en\/wp-json\/wp\/v2\/posts\/2843\/revisions"}],"predecessor-version":[{"id":5025,"href":"https:\/\/ojas.de\/en\/wp-json\/wp\/v2\/posts\/2843\/revisions\/5025"}],"wp:featuredmedia":[{"embeddable":true,"href":"https:\/\/ojas.de\/en\/wp-json\/wp\/v2\/media\/4016"}],"wp:attachment":[{"href":"https:\/\/ojas.de\/en\/wp-json\/wp\/v2\/media?parent=2843"}],"wp:term":[{"taxonomy":"category","embeddable":true,"href":"https:\/\/ojas.de\/en\/wp-json\/wp\/v2\/categories?post=2843"},{"taxonomy":"post_tag","embeddable":true,"href":"https:\/\/ojas.de\/en\/wp-json\/wp\/v2\/tags?post=2843"}],"curies":[{"name":"wp","href":"https:\/\/api.w.org\/{rel}","templated":true}]}}